{"id":16043,"date":"2026-06-24T12:31:33","date_gmt":"2026-06-24T10:31:33","guid":{"rendered":"https:\/\/www.item.si\/?p=16043"},"modified":"2026-08-24T13:46:18","modified_gmt":"2026-08-24T11:46:18","slug":"prestizna-naziva-za-dva-clana-nase-ekipe-wtr-global-leaders-private-practice-recognition-s-strani-world-trademark-review","status":"publish","type":"post","link":"https:\/\/www.item.si\/sl\/prestizna-naziva-za-dva-clana-nase-ekipe-wtr-global-leaders-private-practice-recognition-s-strani-world-trademark-review\/","title":{"rendered":"Presti\u017ena naziva za dva \u010dlana na\u0161e ekipe &#8211; WTR Global Leaders: Private Practice Recognition s strani World Trademark Review"},"content":{"rendered":"<p><strong>Gregor Ma\u010dek<\/strong>, na\u0161 direktor, pravnik in zastopnik za patente in blagovne znamke, ter <strong>Igor \u0160etinc<\/strong>, na\u0161 pravnik, sta ponovno uvr\u0161\u010dena na seznam &#8220;WTR Global Leaders: Private Practice&#8221;, ki ga vsakoletno objavlja World Trademark Review (WTR). To pomembno priznanje odlikuje najvidnej\u0161e svetovne pravne pisarne in strokovnjake za korporativne blagovne znamke.<\/p>\n<p>Gregor Ma\u010dek nosi naziv &#8220;WTR Global Leader&#8221;, podeljen s strani WTR, \u017ee od leta 2021; vse od leta 2011 pa je vsako leto uvr\u0161\u010den v WTR 1000 kot eden vodilnih strokovnjakov v Sloveniji.<\/p>\n<p>Igor \u0160etinc je bil na omenjeni seznam &#8220;WTR Global Leaders: Private Practice&#8221; prvi\u010d uvr\u0161\u010den leta 2024,\u00a0 WTR 1000 pa ga od leta 2018 dalje priporo\u010da kot vodilnega strokovnjaka za podro\u010dje Slovenije.<\/p>\n<p>Seznam je objavljen na povezavi:<\/p>\n<p><a href=\"https:\/\/www.worldtrademarkreview.com\/survey\/wtr-global-leaders\/2026\/article\/wtr-global-leaders-private-practice\">https:\/\/www.worldtrademarkreview.com\/survey\/wtr-global-leaders\/2026\/article\/wtr-global-leaders-private-practice<\/a><\/p>\n","protected":false},"excerpt":{"rendered":"<p>Gregor Ma\u010dek, na\u0161 direktor, pravnik in zastopnik za patente in blagovne znamke, ter Igor \u0160etinc, na\u0161 pravnik, sta ponovno uvr\u0161\u010dena na&#8230;<\/p>\n","protected":false},"author":2,"featured_media":0,"comment_status":"closed","ping_status":"closed","sticky":false,"template":"","format":"standard","meta":{"_et_pb_use_builder":"","_et_pb_old_content":"","_et_gb_content_width":"","footnotes":""},"categories":[16],"tags":[],"class_list":["post-16043","post","type-post","status-publish","format-standard","hentry","category-novice"],"_links":{"self":[{"href":"https:\/\/www.item.si\/sl\/wp-json\/wp\/v2\/posts\/16043","targetHints":{"allow":["GET"]}}],"collection":[{"href":"https:\/\/www.item.si\/sl\/wp-json\/wp\/v2\/posts"}],"about":[{"href":"https:\/\/www.item.si\/sl\/wp-json\/wp\/v2\/types\/post"}],"author":[{"embeddable":true,"href":"https:\/\/www.item.si\/sl\/wp-json\/wp\/v2\/users\/2"}],"replies":[{"embeddable":true,"href":"https:\/\/www.item.si\/sl\/wp-json\/wp\/v2\/comments?post=16043"}],"version-history":[{"count":1,"href":"https:\/\/www.item.si\/sl\/wp-json\/wp\/v2\/posts\/16043\/revisions"}],"predecessor-version":[{"id":16044,"href":"https:\/\/www.item.si\/sl\/wp-json\/wp\/v2\/posts\/16043\/revisions\/16044"}],"wp:attachment":[{"href":"https:\/\/www.item.si\/sl\/wp-json\/wp\/v2\/media?parent=16043"}],"wp:term":[{"taxonomy":"category","embeddable":true,"href":"https:\/\/www.item.si\/sl\/wp-json\/wp\/v2\/categories?post=16043"},{"taxonomy":"post_tag","embeddable":true,"href":"https:\/\/www.item.si\/sl\/wp-json\/wp\/v2\/tags?post=16043"}],"curies":[{"name":"wp","href":"https:\/\/api.w.org\/{rel}","templated":true}]}}